{"id":463,"date":"2020-08-23T13:56:42","date_gmt":"2020-08-23T12:56:42","guid":{"rendered":"https:\/\/feliciawatercolor.com\/aquarelle\/?p=463"},"modified":"2020-08-23T13:56:45","modified_gmt":"2020-08-23T12:56:45","slug":"qui-est-felicia-watercolor","status":"publish","type":"post","link":"https:\/\/feliciawatercolor.com\/aquarelle\/2020\/08\/qui-est-felicia-watercolor\/","title":{"rendered":"Qui est Felicia Watercolor ?"},"content":{"rendered":"<span class=\"span-reading-time rt-reading-time\" style=\"display: block;\"><span class=\"rt-label rt-prefix\">Temps de lecture\u00a0: <\/span> <span class=\"rt-time\"> 2<\/span> <span class=\"rt-label rt-postfix\">minutes<\/span><\/span>\n<p>Salut !&nbsp;<\/p>\n\n\n\n<p>Qui est F\u00e9licia ?\u00a0Bonne question, merci de l&#8217;avoir pos\u00e9. Apr\u00e8s quelques articles sur ce blog, beaucoup de vid\u00e9os sur ma cha\u00eene youtube et photos sur instagram, il me parait sympathique de vous r\u00e9diger une petite pr\u00e9sentation. <\/p>\n\n\n\n<p>En r\u00e9sum\u00e9, je suis une jeune artiste (de plus de 40 ans ;-)). L\u2019aquarelle est mon d\u00e9fi pr\u00e9f\u00e9r\u00e9 depuis 20 ans.\u00a0<\/p>\n\n\n\n<h2 class=\"wp-block-heading\">L\u2019aquarelle et moi<\/h2>\n\n\n\n<p>Mes aquarellistes pr\u00e9f\u00e9r\u00e9s ? Ceux qui m\u2019ont peint ! Marc Folly et Jean-Louis Morelle. Pour ceux qui ne connaissent pas, ce sont deux grands aquarellistes. Marc Folly m\u2019a fait prendre go\u00fbt au portrait et m\u2019a fait rencontrer mon ami Jean-Louis. Jean-Louis ne m\u2019a pas enseign\u00e9 l\u2019aquarelle, il avait d\u00e9j\u00e0 arr\u00eat\u00e9, pour le malheur de ses fervents admirateurs. Mais j\u2019ai \u00e9t\u00e9 son mod\u00e8le sur quelques ann\u00e9es pour ses huiles, lorsqu\u2019il a d\u00e9cid\u00e9 de se r\u00e9concilier avec l\u2019humain (c\u2019est une longue histoire). Nous avons tellement discut\u00e9 que j\u2019esp\u00e8re qu\u2019un peu de sa d\u00e9licatesse s\u2019est imprim\u00e9 dans mes pinceaux. Il m\u2019a appris \u00e0 \u00eatre en r\u00e9flexivit\u00e9, d\u2019o\u00f9 ce blog. Il a bien essay\u00e9 une fois de m\u2019enseigner l\u2019huile. Tentative infructueuse car j\u2019aime bien trop l\u2019eau, ses dangers, sa douce complexit\u00e9. J\u2019aime comme l\u2019aquarelle nous fait penser et vivre \u00e0 la fois. <strong>R\u00e9flexion et spontan\u00e9it\u00e9<\/strong>, c\u2019est moi ! Et cela me semble coller \u00e0 ce m\u00e9dium qui n\u00e9cessite de naviguer \u00e0 vue entre ces deux aspects.<\/p>\n\n\n\n<h2 class=\"wp-block-heading\">Mes exp\u00e9riences Pro<\/h2>\n\n\n\n<p>Ma premi\u00e8re exposition remonte d\u00e9j\u00e0 \u00e0 2011 et j\u2019ai r\u00e9alis\u00e9 quelques \u201cperformances\u201d en peignant en direct. Puis je me suis consacr\u00e9e \u00e0 ma carri\u00e8re dans le digital. Mais je ne peux pas respirer correctement si je n\u2019ai pas peint depuis longtemps. C\u2019est pourquoi je peint mes proches ou des portraits sur commande, lorsque l\u2019histoire me touche.<\/p>\n\n\n\n<p>Par ailleurs, j\u2019ai ador\u00e9 donn\u00e9 quelques cours sporadiquement depuis 2018, \u00e0 l\u2019atelier de Cl\u00e9o, ma m\u00e8re, artiste peintre, et \u00e9galement au travail (!), o\u00f9 j\u2019ai trouv\u00e9 beaucoup de plaisir \u00e0 faire \u201cs\u2019ouvrir\u201d des d\u00e9butants.&nbsp;&nbsp;<\/p>\n\n\n\n<p>Aussi, il m\u2019a sembl\u00e9 passionnant de conjuguer tout cela pendant cette p\u00e9riode que l\u2019on appellera peut-\u00eatre plus tard le \u201cgrand confinement de 2020\u201d en commen\u00e7ant une cha\u00eene youtube pour y r\u00e9aliser des tutoriels pour tous les niveaux et y d\u00e9voiler mes portraits en speedpainting.&nbsp;&nbsp;<\/p>\n\n\n\n<h2 class=\"wp-block-heading\">Mon \u00e9quipe et mon projet&nbsp;<\/h2>\n\n\n\n<p>Mon \u00e9quipe ? 2 ados adorables qui me donnent des conseils pour communiquer sur les r\u00e9seaux sociaux et un mari en sucre qui me donne un gros coup de patte pour le montage des vid\u00e9os. Ma famille ch\u00e9rie m\u00e9rite bien que je continue \u00e0 bosser pour payer les \u00e9tudes. Et mon cerveau analytique aussi \ud83d\ude09 Mais j\u2019esp\u00e8re que les revenus d\u00e9gag\u00e9s par mes activit\u00e9s artistiques contribueront \u00e0 terme \u00e0 me d\u00e9gager du temps pour peindre.\u00a0<\/p>\n\n\n\n<p>Est-ce que Youtube sera au centre de ma vie ? Les galeries ? Les portraits sur commande ? On ne peut le dire aujourd&#8217;hui. Mais je construit aujourd&#8217;hui ma vie de demain.<\/p>\n\n\n\n<p>En tout cas, je suis persuad\u00e9e que l\u2019aquarelle m\u00e9rite mieux que sa valeur sur le march\u00e9 de l\u2019art. Que sa modernit\u00e9 n\u2019a pas \u00e9t\u00e9 encore totalement exploit\u00e9e. Et c\u2019est ce que je vais tenter de faire. En d\u00e9tricotant les codes que ma main a patiemment compris.\u00a0<\/p>\n\n\n\n<p>Ces codes, je vais donc pouvoir vous les transmettre et ensemble nous allons les exploser !\u00a0\u00a0\u00a0\u00a0\u00a0\u00a0\u00a0\u00a0\u00a0\u00a0<\/p>\n\n\n\n<p><\/p>\n","protected":false},"excerpt":{"rendered":"<p>Qui est F\u00e9licia ? Bonne question, merci de l&#8217;avoir pos\u00e9. Apr\u00e8s quelques articles sur ce blog, beaucoup de vid\u00e9os sur ma cha\u00eene youtube et photos sur instagram, il me parait sympathique de vous r\u00e9diger une petite pr\u00e9sentation. <\/p>\n","protected":false},"author":3,"featured_media":464,"comment_status":"open","ping_status":"open","sticky":false,"template":"","format":"standard","meta":{"footnotes":""},"categories":[83],"tags":[84],"class_list":["post-463","post","type-post","status-publish","format-standard","has-post-thumbnail","hentry","category-blog","tag-blog"],"yoast_head":"<!-- This site is optimized with the Yoast SEO plugin v27.5 - https:\/\/yoast.com\/product\/yoast-seo-wordpress\/ -->\n<title>Qui est Felicia Watercolor ? - Felicia Watercolor<\/title>\n<meta name=\"robots\" content=\"index, follow, max-snippet:-1, max-image-preview:large, max-video-preview:-1\" \/>\n<link rel=\"canonical\" href=\"https:\/\/feliciawatercolor.com\/aquarelle\/2020\/08\/qui-est-felicia-watercolor\/\" \/>\n<meta property=\"og:locale\" content=\"fr_FR\" \/>\n<meta property=\"og:type\" content=\"article\" \/>\n<meta property=\"og:title\" content=\"Qui est Felicia Watercolor ? - Felicia Watercolor\" \/>\n<meta property=\"og:description\" content=\"Qui est F\u00e9licia ? Bonne question, merci de l&#039;avoir pos\u00e9. Apr\u00e8s quelques articles sur ce blog, beaucoup de vid\u00e9os sur ma cha\u00eene youtube et photos sur instagram, il me parait sympathique de vous r\u00e9diger une petite pr\u00e9sentation.\" \/>\n<meta property=\"og:url\" content=\"https:\/\/feliciawatercolor.com\/aquarelle\/2020\/08\/qui-est-felicia-watercolor\/\" \/>\n<meta property=\"og:site_name\" content=\"Felicia Watercolor\" \/>\n<meta property=\"article:published_time\" content=\"2020-08-23T12:56:42+00:00\" \/>\n<meta property=\"article:modified_time\" content=\"2020-08-23T12:56:45+00:00\" \/>\n<meta property=\"og:image\" content=\"https:\/\/feliciawatercolor.com\/aquarelle\/wp-content\/uploads\/2020\/08\/IMG_20200821_125327.jpg\" \/>\n\t<meta property=\"og:image:width\" content=\"1564\" \/>\n\t<meta property=\"og:image:height\" content=\"1564\" \/>\n\t<meta property=\"og:image:type\" content=\"image\/jpeg\" \/>\n<meta name=\"author\" content=\"F\u00e9licia\" \/>\n<meta name=\"twitter:label1\" content=\"\u00c9crit par\" \/>\n\t<meta name=\"twitter:data1\" content=\"F\u00e9licia\" \/>\n\t<meta name=\"twitter:label2\" content=\"Dur\u00e9e de lecture estim\u00e9e\" \/>\n\t<meta name=\"twitter:data2\" content=\"3 minutes\" \/>\n<script type=\"application\/ld+json\" class=\"yoast-schema-graph\">{\"@context\":\"https:\\\/\\\/schema.org\",\"@graph\":[{\"@type\":\"Article\",\"@id\":\"https:\\\/\\\/feliciawatercolor.com\\\/aquarelle\\\/2020\\\/08\\\/qui-est-felicia-watercolor\\\/#article\",\"isPartOf\":{\"@id\":\"https:\\\/\\\/feliciawatercolor.com\\\/aquarelle\\\/2020\\\/08\\\/qui-est-felicia-watercolor\\\/\"},\"author\":{\"name\":\"F\u00e9licia\",\"@id\":\"https:\\\/\\\/feliciawatercolor.com\\\/aquarelle\\\/#\\\/schema\\\/person\\\/b5029b87e6717ee1e2d18c9148b08e27\"},\"headline\":\"Qui est Felicia Watercolor ?\",\"datePublished\":\"2020-08-23T12:56:42+00:00\",\"dateModified\":\"2020-08-23T12:56:45+00:00\",\"mainEntityOfPage\":{\"@id\":\"https:\\\/\\\/feliciawatercolor.com\\\/aquarelle\\\/2020\\\/08\\\/qui-est-felicia-watercolor\\\/\"},\"wordCount\":614,\"commentCount\":0,\"publisher\":{\"@id\":\"https:\\\/\\\/feliciawatercolor.com\\\/aquarelle\\\/#organization\"},\"image\":{\"@id\":\"https:\\\/\\\/feliciawatercolor.com\\\/aquarelle\\\/2020\\\/08\\\/qui-est-felicia-watercolor\\\/#primaryimage\"},\"thumbnailUrl\":\"https:\\\/\\\/feliciawatercolor.com\\\/aquarelle\\\/wp-content\\\/uploads\\\/2020\\\/08\\\/IMG_20200821_125327.jpg\",\"keywords\":[\"blog\"],\"articleSection\":[\"Blog\"],\"inLanguage\":\"fr-FR\",\"potentialAction\":[{\"@type\":\"CommentAction\",\"name\":\"Comment\",\"target\":[\"https:\\\/\\\/feliciawatercolor.com\\\/aquarelle\\\/2020\\\/08\\\/qui-est-felicia-watercolor\\\/#respond\"]}]},{\"@type\":\"WebPage\",\"@id\":\"https:\\\/\\\/feliciawatercolor.com\\\/aquarelle\\\/2020\\\/08\\\/qui-est-felicia-watercolor\\\/\",\"url\":\"https:\\\/\\\/feliciawatercolor.com\\\/aquarelle\\\/2020\\\/08\\\/qui-est-felicia-watercolor\\\/\",\"name\":\"Qui est Felicia Watercolor ? - Felicia Watercolor\",\"isPartOf\":{\"@id\":\"https:\\\/\\\/feliciawatercolor.com\\\/aquarelle\\\/#website\"},\"primaryImageOfPage\":{\"@id\":\"https:\\\/\\\/feliciawatercolor.com\\\/aquarelle\\\/2020\\\/08\\\/qui-est-felicia-watercolor\\\/#primaryimage\"},\"image\":{\"@id\":\"https:\\\/\\\/feliciawatercolor.com\\\/aquarelle\\\/2020\\\/08\\\/qui-est-felicia-watercolor\\\/#primaryimage\"},\"thumbnailUrl\":\"https:\\\/\\\/feliciawatercolor.com\\\/aquarelle\\\/wp-content\\\/uploads\\\/2020\\\/08\\\/IMG_20200821_125327.jpg\",\"datePublished\":\"2020-08-23T12:56:42+00:00\",\"dateModified\":\"2020-08-23T12:56:45+00:00\",\"breadcrumb\":{\"@id\":\"https:\\\/\\\/feliciawatercolor.com\\\/aquarelle\\\/2020\\\/08\\\/qui-est-felicia-watercolor\\\/#breadcrumb\"},\"inLanguage\":\"fr-FR\",\"potentialAction\":[{\"@type\":\"ReadAction\",\"target\":[\"https:\\\/\\\/feliciawatercolor.com\\\/aquarelle\\\/2020\\\/08\\\/qui-est-felicia-watercolor\\\/\"]}]},{\"@type\":\"ImageObject\",\"inLanguage\":\"fr-FR\",\"@id\":\"https:\\\/\\\/feliciawatercolor.com\\\/aquarelle\\\/2020\\\/08\\\/qui-est-felicia-watercolor\\\/#primaryimage\",\"url\":\"https:\\\/\\\/feliciawatercolor.com\\\/aquarelle\\\/wp-content\\\/uploads\\\/2020\\\/08\\\/IMG_20200821_125327.jpg\",\"contentUrl\":\"https:\\\/\\\/feliciawatercolor.com\\\/aquarelle\\\/wp-content\\\/uploads\\\/2020\\\/08\\\/IMG_20200821_125327.jpg\",\"width\":1564,\"height\":1564,\"caption\":\"Felicia Watercolor\"},{\"@type\":\"BreadcrumbList\",\"@id\":\"https:\\\/\\\/feliciawatercolor.com\\\/aquarelle\\\/2020\\\/08\\\/qui-est-felicia-watercolor\\\/#breadcrumb\",\"itemListElement\":[{\"@type\":\"ListItem\",\"position\":1,\"name\":\"Accueil\",\"item\":\"https:\\\/\\\/feliciawatercolor.com\\\/aquarelle\\\/\"},{\"@type\":\"ListItem\",\"position\":2,\"name\":\"Qui est Felicia Watercolor ?\"}]},{\"@type\":\"WebSite\",\"@id\":\"https:\\\/\\\/feliciawatercolor.com\\\/aquarelle\\\/#website\",\"url\":\"https:\\\/\\\/feliciawatercolor.com\\\/aquarelle\\\/\",\"name\":\"Felicia Watercolor\",\"description\":\"L&#039;art, version sensible.\",\"publisher\":{\"@id\":\"https:\\\/\\\/feliciawatercolor.com\\\/aquarelle\\\/#organization\"},\"potentialAction\":[{\"@type\":\"SearchAction\",\"target\":{\"@type\":\"EntryPoint\",\"urlTemplate\":\"https:\\\/\\\/feliciawatercolor.com\\\/aquarelle\\\/?s={search_term_string}\"},\"query-input\":{\"@type\":\"PropertyValueSpecification\",\"valueRequired\":true,\"valueName\":\"search_term_string\"}}],\"inLanguage\":\"fr-FR\"},{\"@type\":\"Organization\",\"@id\":\"https:\\\/\\\/feliciawatercolor.com\\\/aquarelle\\\/#organization\",\"name\":\"Felicia Watercolor\",\"url\":\"https:\\\/\\\/feliciawatercolor.com\\\/aquarelle\\\/\",\"logo\":{\"@type\":\"ImageObject\",\"inLanguage\":\"fr-FR\",\"@id\":\"https:\\\/\\\/feliciawatercolor.com\\\/aquarelle\\\/#\\\/schema\\\/logo\\\/image\\\/\",\"url\":\"https:\\\/\\\/feliciawatercolor.com\\\/aquarelle\\\/wp-content\\\/uploads\\\/2023\\\/05\\\/01-Mina-First_thumb.jpg\",\"contentUrl\":\"https:\\\/\\\/feliciawatercolor.com\\\/aquarelle\\\/wp-content\\\/uploads\\\/2023\\\/05\\\/01-Mina-First_thumb.jpg\",\"width\":153,\"height\":200,\"caption\":\"Felicia Watercolor\"},\"image\":{\"@id\":\"https:\\\/\\\/feliciawatercolor.com\\\/aquarelle\\\/#\\\/schema\\\/logo\\\/image\\\/\"},\"sameAs\":[\"https:\\\/\\\/x.com\\\/fwatercolor\",\"https:\\\/\\\/www.instagram.com\\\/felicia.watercolor\",\"https:\\\/\\\/www.pinterest.fr\\\/feelicial\\\/\",\"https:\\\/\\\/www.youtube.com\\\/c\\\/FeliciaWatercolor\"]},{\"@type\":\"Person\",\"@id\":\"https:\\\/\\\/feliciawatercolor.com\\\/aquarelle\\\/#\\\/schema\\\/person\\\/b5029b87e6717ee1e2d18c9148b08e27\",\"name\":\"F\u00e9licia\",\"image\":{\"@type\":\"ImageObject\",\"inLanguage\":\"fr-FR\",\"@id\":\"https:\\\/\\\/feliciawatercolor.com\\\/aquarelle\\\/wp-content\\\/uploads\\\/2022\\\/10\\\/cropped-felicia-96x96.jpg\",\"url\":\"https:\\\/\\\/feliciawatercolor.com\\\/aquarelle\\\/wp-content\\\/uploads\\\/2022\\\/10\\\/cropped-felicia-96x96.jpg\",\"contentUrl\":\"https:\\\/\\\/feliciawatercolor.com\\\/aquarelle\\\/wp-content\\\/uploads\\\/2022\\\/10\\\/cropped-felicia-96x96.jpg\",\"caption\":\"F\u00e9licia\"},\"description\":\"L\u2019aquarelle est le d\u00e9fi favori de F\u00e9licia depuis vingt ans. Apr\u00e8s avoir explor\u00e9 d\u2019autres techniques, c\u2019est l\u2019eau et sa douce complexit\u00e9 qui devient son langage artistique. Son aspiration premi\u00e8re est de transformer la vision de ce medium comme vecteur de force et de modernit\u00e9. Elle \u00e9tudie par ailleurs la traduction directe entre ressentis interpersonnels et couleurs dans ses portraits. Artiste engag\u00e9e, F\u00e9licia d\u00e9veloppe une \u0153uvre centr\u00e9e sur l\u2019humain : les histoires, les vuln\u00e9rabilit\u00e9s, les liens qui fa\u00e7onnent nos vies. Sa premi\u00e8re exposition remonte \u00e0 2011, o\u00f9 elle pr\u00e9sente d\u00e9j\u00e0 des peintures en direct. Mais c'est son exposition solo en 2024 dans une galerie du Marais, consacr\u00e9e \u00e0 la relation m\u00e8re-fille, qui marque une \u00e9tape tr\u00e8s importante dans sa d\u00e9marche : un travail sensible sur la transmission, l\u2019identit\u00e9 et la communaut\u00e9 LGBTQIA+. Ses portraits de personnes sans-abri, n\u00e9s de rencontres dans le m\u00e9tro parisien, s\u2019inscrivent dans cette m\u00eame volont\u00e9 de rendre visibles celles et ceux que l\u2019on regarde trop peu : des visages \u00e9clair\u00e9s ou dans la souffrance qui retrouvent leur dignit\u00e9 par la couleur. F\u00e9licia est invit\u00e9e au Festival Oblique 2025, d\u00e9di\u00e9 aux talents \u00e9mergents de l\u2019art contemporain, o\u00f9 elle r\u00e9alise des performances en direct et affirme une pr\u00e9sence sc\u00e9nique rare chez les aquarellistes. Elle est laur\u00e9ate des International Watercolour Masters pour l'exposition de 2026 en Angleterre, une distinction importante dans le domaine. Une artiste qui enseigne \u2014 et une enseignante qui cr\u00e9e Depuis 2018, F\u00e9licia accompagne artistes amateurs et confirm\u00e9s dans un enseignement riche et bienveillant. Form\u00e9e \u00e0 l\u2019ergonomie et aux sciences cognitives, elle d\u00e9veloppe une p\u00e9dagogie unique fond\u00e9e sur la confiance, le l\u00e2cher-prise et l\u2019apprentissage par des sujets ambitieux. Elle aide chaque \u00e9l\u00e8ve \u00e0 construire une vision, une intention, une identit\u00e9 artistique, loin de la simple reproduction technique. Une figure reconnue dans la communaut\u00e9 aquarelle Au fil des ann\u00e9es, F\u00e9licia s\u2019impose comme une voix importante de l\u2019aquarelle contemporaine francophone. Sa cha\u00eene YouTube \u2014 suivie par des milliers de passionn\u00e9s \u2014 propose des tutoriels d\u00e9butants et avanc\u00e9s, des r\u00e9alisations de portraits et une approche humaniste de la cr\u00e9ation. Elle y partage non seulement ses techniques, mais surtout une conviction : l\u2019aquarelle transforme celles et ceux qui acceptent de se laisser transformer. Elle enseigne avec proximit\u00e9 et humour, et accompagne chaque artiste vers l\u2019audace : oser peindre plus grand, plus fort, plus vrai.\",\"sameAs\":[\"https:\\\/\\\/feliciawatercolor.com\",\"https:\\\/\\\/www.instagram.com\\\/felicia.watercolor\",\"https:\\\/\\\/www.pinterest.fr\\\/feelicial\\\/\",\"https:\\\/\\\/www.youtube.com\\\/c\\\/FeliciaWatercolor\"],\"url\":\"https:\\\/\\\/feliciawatercolor.com\\\/aquarelle\\\/author\\\/felicia\\\/\"}]}<\/script>\n<!-- \/ Yoast SEO plugin. -->","yoast_head_json":{"title":"Qui est Felicia Watercolor ? - Felicia Watercolor","robots":{"index":"index","follow":"follow","max-snippet":"max-snippet:-1","max-image-preview":"max-image-preview:large","max-video-preview":"max-video-preview:-1"},"canonical":"https:\/\/feliciawatercolor.com\/aquarelle\/2020\/08\/qui-est-felicia-watercolor\/","og_locale":"fr_FR","og_type":"article","og_title":"Qui est Felicia Watercolor ? - Felicia Watercolor","og_description":"Qui est F\u00e9licia ? Bonne question, merci de l'avoir pos\u00e9. Apr\u00e8s quelques articles sur ce blog, beaucoup de vid\u00e9os sur ma cha\u00eene youtube et photos sur instagram, il me parait sympathique de vous r\u00e9diger une petite pr\u00e9sentation.","og_url":"https:\/\/feliciawatercolor.com\/aquarelle\/2020\/08\/qui-est-felicia-watercolor\/","og_site_name":"Felicia Watercolor","article_published_time":"2020-08-23T12:56:42+00:00","article_modified_time":"2020-08-23T12:56:45+00:00","og_image":[{"width":1564,"height":1564,"url":"https:\/\/feliciawatercolor.com\/aquarelle\/wp-content\/uploads\/2020\/08\/IMG_20200821_125327.jpg","type":"image\/jpeg"}],"author":"F\u00e9licia","twitter_misc":{"\u00c9crit par":"F\u00e9licia","Dur\u00e9e de lecture estim\u00e9e":"3 minutes"},"schema":{"@context":"https:\/\/schema.org","@graph":[{"@type":"Article","@id":"https:\/\/feliciawatercolor.com\/aquarelle\/2020\/08\/qui-est-felicia-watercolor\/#article","isPartOf":{"@id":"https:\/\/feliciawatercolor.com\/aquarelle\/2020\/08\/qui-est-felicia-watercolor\/"},"author":{"name":"F\u00e9licia","@id":"https:\/\/feliciawatercolor.com\/aquarelle\/#\/schema\/person\/b5029b87e6717ee1e2d18c9148b08e27"},"headline":"Qui est Felicia Watercolor ?","datePublished":"2020-08-23T12:56:42+00:00","dateModified":"2020-08-23T12:56:45+00:00","mainEntityOfPage":{"@id":"https:\/\/feliciawatercolor.com\/aquarelle\/2020\/08\/qui-est-felicia-watercolor\/"},"wordCount":614,"commentCount":0,"publisher":{"@id":"https:\/\/feliciawatercolor.com\/aquarelle\/#organization"},"image":{"@id":"https:\/\/feliciawatercolor.com\/aquarelle\/2020\/08\/qui-est-felicia-watercolor\/#primaryimage"},"thumbnailUrl":"https:\/\/feliciawatercolor.com\/aquarelle\/wp-content\/uploads\/2020\/08\/IMG_20200821_125327.jpg","keywords":["blog"],"articleSection":["Blog"],"inLanguage":"fr-FR","potentialAction":[{"@type":"CommentAction","name":"Comment","target":["https:\/\/feliciawatercolor.com\/aquarelle\/2020\/08\/qui-est-felicia-watercolor\/#respond"]}]},{"@type":"WebPage","@id":"https:\/\/feliciawatercolor.com\/aquarelle\/2020\/08\/qui-est-felicia-watercolor\/","url":"https:\/\/feliciawatercolor.com\/aquarelle\/2020\/08\/qui-est-felicia-watercolor\/","name":"Qui est Felicia Watercolor ? - Felicia Watercolor","isPartOf":{"@id":"https:\/\/feliciawatercolor.com\/aquarelle\/#website"},"primaryImageOfPage":{"@id":"https:\/\/feliciawatercolor.com\/aquarelle\/2020\/08\/qui-est-felicia-watercolor\/#primaryimage"},"image":{"@id":"https:\/\/feliciawatercolor.com\/aquarelle\/2020\/08\/qui-est-felicia-watercolor\/#primaryimage"},"thumbnailUrl":"https:\/\/feliciawatercolor.com\/aquarelle\/wp-content\/uploads\/2020\/08\/IMG_20200821_125327.jpg","datePublished":"2020-08-23T12:56:42+00:00","dateModified":"2020-08-23T12:56:45+00:00","breadcrumb":{"@id":"https:\/\/feliciawatercolor.com\/aquarelle\/2020\/08\/qui-est-felicia-watercolor\/#breadcrumb"},"inLanguage":"fr-FR","potentialAction":[{"@type":"ReadAction","target":["https:\/\/feliciawatercolor.com\/aquarelle\/2020\/08\/qui-est-felicia-watercolor\/"]}]},{"@type":"ImageObject","inLanguage":"fr-FR","@id":"https:\/\/feliciawatercolor.com\/aquarelle\/2020\/08\/qui-est-felicia-watercolor\/#primaryimage","url":"https:\/\/feliciawatercolor.com\/aquarelle\/wp-content\/uploads\/2020\/08\/IMG_20200821_125327.jpg","contentUrl":"https:\/\/feliciawatercolor.com\/aquarelle\/wp-content\/uploads\/2020\/08\/IMG_20200821_125327.jpg","width":1564,"height":1564,"caption":"Felicia Watercolor"},{"@type":"BreadcrumbList","@id":"https:\/\/feliciawatercolor.com\/aquarelle\/2020\/08\/qui-est-felicia-watercolor\/#breadcrumb","itemListElement":[{"@type":"ListItem","position":1,"name":"Accueil","item":"https:\/\/feliciawatercolor.com\/aquarelle\/"},{"@type":"ListItem","position":2,"name":"Qui est Felicia Watercolor ?"}]},{"@type":"WebSite","@id":"https:\/\/feliciawatercolor.com\/aquarelle\/#website","url":"https:\/\/feliciawatercolor.com\/aquarelle\/","name":"Felicia Watercolor","description":"L&#039;art, version sensible.","publisher":{"@id":"https:\/\/feliciawatercolor.com\/aquarelle\/#organization"},"potentialAction":[{"@type":"SearchAction","target":{"@type":"EntryPoint","urlTemplate":"https:\/\/feliciawatercolor.com\/aquarelle\/?s={search_term_string}"},"query-input":{"@type":"PropertyValueSpecification","valueRequired":true,"valueName":"search_term_string"}}],"inLanguage":"fr-FR"},{"@type":"Organization","@id":"https:\/\/feliciawatercolor.com\/aquarelle\/#organization","name":"Felicia Watercolor","url":"https:\/\/feliciawatercolor.com\/aquarelle\/","logo":{"@type":"ImageObject","inLanguage":"fr-FR","@id":"https:\/\/feliciawatercolor.com\/aquarelle\/#\/schema\/logo\/image\/","url":"https:\/\/feliciawatercolor.com\/aquarelle\/wp-content\/uploads\/2023\/05\/01-Mina-First_thumb.jpg","contentUrl":"https:\/\/feliciawatercolor.com\/aquarelle\/wp-content\/uploads\/2023\/05\/01-Mina-First_thumb.jpg","width":153,"height":200,"caption":"Felicia Watercolor"},"image":{"@id":"https:\/\/feliciawatercolor.com\/aquarelle\/#\/schema\/logo\/image\/"},"sameAs":["https:\/\/x.com\/fwatercolor","https:\/\/www.instagram.com\/felicia.watercolor","https:\/\/www.pinterest.fr\/feelicial\/","https:\/\/www.youtube.com\/c\/FeliciaWatercolor"]},{"@type":"Person","@id":"https:\/\/feliciawatercolor.com\/aquarelle\/#\/schema\/person\/b5029b87e6717ee1e2d18c9148b08e27","name":"F\u00e9licia","image":{"@type":"ImageObject","inLanguage":"fr-FR","@id":"https:\/\/feliciawatercolor.com\/aquarelle\/wp-content\/uploads\/2022\/10\/cropped-felicia-96x96.jpg","url":"https:\/\/feliciawatercolor.com\/aquarelle\/wp-content\/uploads\/2022\/10\/cropped-felicia-96x96.jpg","contentUrl":"https:\/\/feliciawatercolor.com\/aquarelle\/wp-content\/uploads\/2022\/10\/cropped-felicia-96x96.jpg","caption":"F\u00e9licia"},"description":"L\u2019aquarelle est le d\u00e9fi favori de F\u00e9licia depuis vingt ans. Apr\u00e8s avoir explor\u00e9 d\u2019autres techniques, c\u2019est l\u2019eau et sa douce complexit\u00e9 qui devient son langage artistique. Son aspiration premi\u00e8re est de transformer la vision de ce medium comme vecteur de force et de modernit\u00e9. Elle \u00e9tudie par ailleurs la traduction directe entre ressentis interpersonnels et couleurs dans ses portraits. Artiste engag\u00e9e, F\u00e9licia d\u00e9veloppe une \u0153uvre centr\u00e9e sur l\u2019humain : les histoires, les vuln\u00e9rabilit\u00e9s, les liens qui fa\u00e7onnent nos vies. Sa premi\u00e8re exposition remonte \u00e0 2011, o\u00f9 elle pr\u00e9sente d\u00e9j\u00e0 des peintures en direct. Mais c'est son exposition solo en 2024 dans une galerie du Marais, consacr\u00e9e \u00e0 la relation m\u00e8re-fille, qui marque une \u00e9tape tr\u00e8s importante dans sa d\u00e9marche : un travail sensible sur la transmission, l\u2019identit\u00e9 et la communaut\u00e9 LGBTQIA+. Ses portraits de personnes sans-abri, n\u00e9s de rencontres dans le m\u00e9tro parisien, s\u2019inscrivent dans cette m\u00eame volont\u00e9 de rendre visibles celles et ceux que l\u2019on regarde trop peu : des visages \u00e9clair\u00e9s ou dans la souffrance qui retrouvent leur dignit\u00e9 par la couleur. F\u00e9licia est invit\u00e9e au Festival Oblique 2025, d\u00e9di\u00e9 aux talents \u00e9mergents de l\u2019art contemporain, o\u00f9 elle r\u00e9alise des performances en direct et affirme une pr\u00e9sence sc\u00e9nique rare chez les aquarellistes. Elle est laur\u00e9ate des International Watercolour Masters pour l'exposition de 2026 en Angleterre, une distinction importante dans le domaine. Une artiste qui enseigne \u2014 et une enseignante qui cr\u00e9e Depuis 2018, F\u00e9licia accompagne artistes amateurs et confirm\u00e9s dans un enseignement riche et bienveillant. Form\u00e9e \u00e0 l\u2019ergonomie et aux sciences cognitives, elle d\u00e9veloppe une p\u00e9dagogie unique fond\u00e9e sur la confiance, le l\u00e2cher-prise et l\u2019apprentissage par des sujets ambitieux. Elle aide chaque \u00e9l\u00e8ve \u00e0 construire une vision, une intention, une identit\u00e9 artistique, loin de la simple reproduction technique. Une figure reconnue dans la communaut\u00e9 aquarelle Au fil des ann\u00e9es, F\u00e9licia s\u2019impose comme une voix importante de l\u2019aquarelle contemporaine francophone. Sa cha\u00eene YouTube \u2014 suivie par des milliers de passionn\u00e9s \u2014 propose des tutoriels d\u00e9butants et avanc\u00e9s, des r\u00e9alisations de portraits et une approche humaniste de la cr\u00e9ation. Elle y partage non seulement ses techniques, mais surtout une conviction : l\u2019aquarelle transforme celles et ceux qui acceptent de se laisser transformer. Elle enseigne avec proximit\u00e9 et humour, et accompagne chaque artiste vers l\u2019audace : oser peindre plus grand, plus fort, plus vrai.","sameAs":["https:\/\/feliciawatercolor.com","https:\/\/www.instagram.com\/felicia.watercolor","https:\/\/www.pinterest.fr\/feelicial\/","https:\/\/www.youtube.com\/c\/FeliciaWatercolor"],"url":"https:\/\/feliciawatercolor.com\/aquarelle\/author\/felicia\/"}]}},"acf":[],"_links":{"self":[{"href":"https:\/\/feliciawatercolor.com\/aquarelle\/wp-json\/wp\/v2\/posts\/463","targetHints":{"allow":["GET"]}}],"collection":[{"href":"https:\/\/feliciawatercolor.com\/aquarelle\/wp-json\/wp\/v2\/posts"}],"about":[{"href":"https:\/\/feliciawatercolor.com\/aquarelle\/wp-json\/wp\/v2\/types\/post"}],"author":[{"embeddable":true,"href":"https:\/\/feliciawatercolor.com\/aquarelle\/wp-json\/wp\/v2\/users\/3"}],"replies":[{"embeddable":true,"href":"https:\/\/feliciawatercolor.com\/aquarelle\/wp-json\/wp\/v2\/comments?post=463"}],"version-history":[{"count":1,"href":"https:\/\/feliciawatercolor.com\/aquarelle\/wp-json\/wp\/v2\/posts\/463\/revisions"}],"predecessor-version":[{"id":465,"href":"https:\/\/feliciawatercolor.com\/aquarelle\/wp-json\/wp\/v2\/posts\/463\/revisions\/465"}],"wp:featuredmedia":[{"embeddable":true,"href":"https:\/\/feliciawatercolor.com\/aquarelle\/wp-json\/wp\/v2\/media\/464"}],"wp:attachment":[{"href":"https:\/\/feliciawatercolor.com\/aquarelle\/wp-json\/wp\/v2\/media?parent=463"}],"wp:term":[{"taxonomy":"category","embeddable":true,"href":"https:\/\/feliciawatercolor.com\/aquarelle\/wp-json\/wp\/v2\/categories?post=463"},{"taxonomy":"post_tag","embeddable":true,"href":"https:\/\/feliciawatercolor.com\/aquarelle\/wp-json\/wp\/v2\/tags?post=463"}],"curies":[{"name":"wp","href":"https:\/\/api.w.org\/{rel}","templated":true}]}}